{"id":17,"date":"2010-10-18T15:43:52","date_gmt":"2010-10-18T15:43:52","guid":{"rendered":"http:\/\/www.jukemedia.de\/blog\/?p=17"},"modified":"2011-06-23T12:07:38","modified_gmt":"2011-06-23T10:07:38","slug":"die-farbe-blau","status":"publish","type":"post","link":"https:\/\/www.jukemedia.de\/blog\/2010\/10\/die-farbe-blau\/","title":{"rendered":"Die Farbe Blau"},"content":{"rendered":"<p>Warum fasziniert uns das Blau des Enzians? Was finden wir an Blau so sch\u00f6n? Immerhin soll es ja die Lieblingsfarbe der meisten Deutschen sein. Und warum wollen meistens M\u00e4nner eine blaue Webseite?<\/p>\n<p>Farbensehen ist kein rein kognitiver Vorgang bei dem wir aufgrund der reflektierten Wellenl\u00e4nge des Lichts etwas wahrnehmen, was wir als Blau bezeichnen. Blau &#8211; und nicht nur Blau, sondern jede andere Farbe auch &#8211; macht was mit uns. Wir verbinden die Farbe mit bestimmten Werten, Gef\u00fchlen und Assoziationen.<\/p>\n<p>Aber was genau sind das f\u00fcr Gef\u00fchle, was l\u00f6st Blau bei uns aus, was verbinden wir damit? Ohne viel Worte zu machen, bin ich dieser Frage in Bildern nachgegangen um es f\u00fcr jeden erlebbar und f\u00fchlbar zu machen.<\/p>\n<div style=\"width:425px\" id=\"__ss_8398626\"> <strong style=\"display:block;margin:12px 0 4px\"><a href=\"http:\/\/www.slideshare.net\/jukemedia\/kennen-sie-eigentlich-blau-8398626\" title=\"Kennen sie eigentlich Blau?\">Kennen sie eigentlich Blau?<\/a><\/strong> <div id=\"bc6hXq1z6q\" data-borlabs-cookie-blocked-content><div class=\"borlabs-cookie-bct-default\"> <p>Klicken Sie auf den unteren Button, um den Inhalt von www.slideshare.net zu laden.<br> <a role=\"button\" data-borlabs-cookie-unblock>Inhalt laden<\/a><\/p> <\/div><\/div> <\/p>\n<div style=\"padding:5px 0 12px\"> View more <a href=\"http:\/\/www.slideshare.net\/\">presentations<\/a> from <a href=\"http:\/\/www.slideshare.net\/jukemedia\">jukemedia<\/a> <\/div>\n<\/p><\/div>\n","protected":false},"excerpt":{"rendered":"<p>Blau ist also nicht nur eine Farbe, die unser Auge erkennt, wenn das Licht eine bestimmte Wekllenl\u00e4ngen hat &#8211; wir Menschen verbinden mit Farben Gef\u00fchle, Werte und Stimmungen. Und was genau das sein kann, dazu habe ich einen kleinen Flashfilm erstellt, der Ihnen helfen kann, sich ein bisschen mehr in diese Farbe hineinzuf\u00fchlen.<\/p>\n","protected":false},"author":1,"featured_media":0,"comment_status":"open","ping_status":"open","sticky":false,"template":"","format":"standard","meta":{"footnotes":""},"categories":[4],"tags":[14,32,39,40],"yst_prominent_words":[],"class_list":["post-17","post","type-post","status-publish","format-standard","hentry","category-webdesign","tag-webdesign-2","tag-gestaltung","tag-farben","tag-farbwirkung"],"_links":{"self":[{"href":"https:\/\/www.jukemedia.de\/blog\/wp-json\/wp\/v2\/posts\/17","targetHints":{"allow":["GET"]}}],"collection":[{"href":"https:\/\/www.jukemedia.de\/blog\/wp-json\/wp\/v2\/posts"}],"about":[{"href":"https:\/\/www.jukemedia.de\/blog\/wp-json\/wp\/v2\/types\/post"}],"author":[{"embeddable":true,"href":"https:\/\/www.jukemedia.de\/blog\/wp-json\/wp\/v2\/users\/1"}],"replies":[{"embeddable":true,"href":"https:\/\/www.jukemedia.de\/blog\/wp-json\/wp\/v2\/comments?post=17"}],"version-history":[{"count":39,"href":"https:\/\/www.jukemedia.de\/blog\/wp-json\/wp\/v2\/posts\/17\/revisions"}],"predecessor-version":[{"id":159,"href":"https:\/\/www.jukemedia.de\/blog\/wp-json\/wp\/v2\/posts\/17\/revisions\/159"}],"wp:attachment":[{"href":"https:\/\/www.jukemedia.de\/blog\/wp-json\/wp\/v2\/media?parent=17"}],"wp:term":[{"taxonomy":"category","embeddable":true,"href":"https:\/\/www.jukemedia.de\/blog\/wp-json\/wp\/v2\/categories?post=17"},{"taxonomy":"post_tag","embeddable":true,"href":"https:\/\/www.jukemedia.de\/blog\/wp-json\/wp\/v2\/tags?post=17"},{"taxonomy":"yst_prominent_words","embeddable":true,"href":"https:\/\/www.jukemedia.de\/blog\/wp-json\/wp\/v2\/yst_prominent_words?post=17"}],"curies":[{"name":"wp","href":"https:\/\/api.w.org\/{rel}","templated":true}]}}