{"id":3621,"date":"2008-01-05T12:49:18","date_gmt":"2008-01-05T10:49:18","guid":{"rendered":"http:\/\/www.frische-zitronen.de\/2008\/01\/05\/redesign-3-szendiat\/"},"modified":"2008-01-05T12:49:18","modified_gmt":"2008-01-05T10:49:18","slug":"redesign-3-szendiat","status":"publish","type":"post","link":"https:\/\/www.jukemedia.de\/blog\/2008\/01\/redesign-3-szendiat\/","title":{"rendered":"Redesign 3 &#8211; szendi.at"},"content":{"rendered":"<p> <a href=\"http:\/\/www.frische-zitronen.de\/wp-content\/uploads\/2008\/01\/szendi_entwurf_001.jpg\" class=\"bild\" title=\"szendi_entwurf_001_th.jpg\"><img decoding=\"async\" src=\"http:\/\/www.jukemedia.de\/blog\/wp-content\/uploads\/2008\/01\/szendi_entwurf_001_th.jpg\" class=\"img1\" alt=\"szendi_entwurf_001_th.jpg\" \/><\/a><\/p>\n<p><a href=\"http:\/\/www.szendi.at\">Werner Szendi von szendi.at<\/a> gestaltet selbst Webseiten und hat sich mit dem Design seiner Seite schon viel auseinandergesetzt. F\u00fcr das Redesign-Angebot hat er sich angemeldet um vielleicht hier und da doch noch die eine oder andere Inspiration zu bekommen. Also habe ich mal ganz frei mein Auge dr\u00fcber schweifen lassen und meine Sicht der Dinge dargestellt. Wie bei allen Vorschl\u00e4gen \u00e2\u20ac\u201c man muss diese Sicht nicht teilen. Es sind Vorschl\u00e4ge, was der eine oder andere draus macht ist seine Sache.<\/p>\n<p>Dreh- und Angelpunkt deiner Webseite sind deine Bilder. Ich habe mir alle angeschaut und auf mich wirken lassen. Die meisten davon sind kr\u00e4ftig, schwer und tief, leidenschaftlich, gef\u00fchlvoll. Dein Design dagegen ist leicht, hell und eher technisch. Hier sehe ich einen Gegensatz und finde, dass auch im Design deiner Seite r\u00fcberkommen sollte, was du mit den Bildern ausdr\u00fcckst. Warum denn nicht? So wie es jetzt gestaltet ist, k\u00f6nnte man damit auch Autoersatzteile verkaufen. Daher m\u00f6chte ich dir f\u00fcr ein Redesign etwas g\u00e4nzlich anderes vorschlagen \u00e2\u20ac\u201c etwas mit mehr Gef\u00fchl. Deine Bilder sind doch keine Massenware im Supermarkt. Sie haben Wert und das sollte man imho auch zeigen.<\/p>\n<p>Als Galerist wirst du wissen, dass es in einem Raum nicht unerheblich ist, in welchem Umfeld Bilder ausgestellt werden. Je weniger im Raum, desto mehr kann das Bild zur Geltung kommen \u00e2\u20ac\u201c alles andere lenkt nur ab. Von daher habe ich reduziert wo es ging und bin dem Prinzip der Einfachheit gefolgt. Das ist bestimmt nicht leicht und ich gebe gern zu, dass ich, wenn ich deine Seite in meinem Grafikprogramm anschaue, ein leichtes Verlangen sp\u00fcre hier und da noch etwas hinzuzuf\u00fcgen. Ich glaube jedoch, dass genau das hier besonders falsch w\u00e4re.<\/p>\n<p>Stattdessen w\u00fcrde ich unterschiedliche Seitenvorlagen erstellen und beim Wechsel auf eine Unterseite oder Unterbereich jeweils ein anderes deiner Bilder und vielleicht auch einen anderen Wahlspruch zeigen. Evtl. w\u00fcrde sich hier auch anbieten eine kleinen, langsam ablaufenden Flash-Film mit Bildwechsel einzubauen.<\/p>\n<p>Die Navigation (die du im Quelltext besser als Liste ohne span-styles coden k\u00f6nntest) ist bewusst spartanisch. Ich w\u00fcrde hier ein Klappmen\u00fc einbauen, also so, dass sich die Links zu Unterseiten erst \u00f6ffnen, wenn man auf einen Oberlink klickt \u00e2\u20ac\u201c oder,  noch mal versuchen mehr zusammenzufassen. In jedem Fall aber wenig, wenig, wenig.<\/p>\n<p>Was mich noch gest\u00f6rt hat waren die Google-Anzeigen \u00e2\u20ac\u201c das mindert den Wert der Bilder. Und wie ich sehe, sind die ja inzwischen auch schon verschwunden, gut so!<\/p>\n<p>Dein Logo habe ich auch etwas variiert.<\/p>\n<p>Deine Bildergalerie bzw. das Skript hat auch irgendwelche Macken. Bei mir zeigt es sich das Bild erst in voller Gr\u00f6\u00dfe und schrumpft dann zusammen. Das w\u00fcrde ich \u00e4ndern.<\/p>\n<p>So nun genug geschrieben. Ich hoffe, dass du mit der einen oder anderen Anregung was anfangen kannst und freu mich auch \u00fcber konstruktive Kritik an meinem Entwurf. Nur durch die Auseinandersetzung kann man dazu lernen.<\/p>\n","protected":false},"excerpt":{"rendered":"<p>\nWerner Szendi von szendi.at gestaltet selbst Webseiten und hat sich mit dem Design seiner Seite schon viel auseinandergesetzt. F\u00fcr das Redesign-Angebot hat er sich angemeldet um vielleicht hier und da doch noch die eine oder andere Inspiration zu bekommen. Also habe ich mal ganz frei mein Auge dr\u00fcber schweifen lassen und meine Sicht der  &#8230; <a title=\"Redesign 3 &#8211; szendi.at\" class=\"read-more\" href=\"https:\/\/www.jukemedia.de\/blog\/2008\/01\/redesign-3-szendiat\/\" aria-label=\"Mehr Informationen \u00fcber Redesign 3 &#8211; szendi.at\">Weiterlesen<\/a><\/p>\n","protected":false},"author":1,"featured_media":0,"comment_status":"open","ping_status":"open","sticky":false,"template":"","format":"standard","meta":{"footnotes":""},"categories":[4],"tags":[14,119,229,258],"yst_prominent_words":[],"class_list":["post-3621","post","type-post","status-publish","format-standard","hentry","category-webdesign","tag-webdesign-2","tag-grafik-gestaltung","tag-templates","tag-layout"],"_links":{"self":[{"href":"https:\/\/www.jukemedia.de\/blog\/wp-json\/wp\/v2\/posts\/3621","targetHints":{"allow":["GET"]}}],"collection":[{"href":"https:\/\/www.jukemedia.de\/blog\/wp-json\/wp\/v2\/posts"}],"about":[{"href":"https:\/\/www.jukemedia.de\/blog\/wp-json\/wp\/v2\/types\/post"}],"author":[{"embeddable":true,"href":"https:\/\/www.jukemedia.de\/blog\/wp-json\/wp\/v2\/users\/1"}],"replies":[{"embeddable":true,"href":"https:\/\/www.jukemedia.de\/blog\/wp-json\/wp\/v2\/comments?post=3621"}],"version-history":[{"count":0,"href":"https:\/\/www.jukemedia.de\/blog\/wp-json\/wp\/v2\/posts\/3621\/revisions"}],"wp:attachment":[{"href":"https:\/\/www.jukemedia.de\/blog\/wp-json\/wp\/v2\/media?parent=3621"}],"wp:term":[{"taxonomy":"category","embeddable":true,"href":"https:\/\/www.jukemedia.de\/blog\/wp-json\/wp\/v2\/categories?post=3621"},{"taxonomy":"post_tag","embeddable":true,"href":"https:\/\/www.jukemedia.de\/blog\/wp-json\/wp\/v2\/tags?post=3621"},{"taxonomy":"yst_prominent_words","embeddable":true,"href":"https:\/\/www.jukemedia.de\/blog\/wp-json\/wp\/v2\/yst_prominent_words?post=3621"}],"curies":[{"name":"wp","href":"https:\/\/api.w.org\/{rel}","templated":true}]}}